{"id":58,"date":"2016-10-17T15:50:52","date_gmt":"2016-10-17T15:50:52","guid":{"rendered":"http:\/\/www.demo.acmethemes.com\/education-base\/?p=98"},"modified":"2022-05-28T17:16:06","modified_gmt":"2022-05-28T17:16:06","slug":"periodistas","status":"publish","type":"post","link":"https:\/\/iesbenitoperezgaldos.edu.mx\/web\/2016\/10\/17\/periodistas\/","title":{"rendered":"\u00bfC\u00f3mo protege la ley a los periodistas?"},"content":{"rendered":"\n<p>Durante los \u00faltimos a\u00f1os, la libertad de expresi\u00f3n ha sido uno de los principales temas a debate en el mundo.<\/p>\n\n\n\n<p>De acuerdo con la organizaci\u00f3n <a href=\"https:\/\/rsf.org\/es\">Reporteros sin Fronteras<\/a>, durante este a\u00f1o han sido asesinados 30 periodistas y han sido encarcelados 346 en el mundo, por hacer su trabajo.<\/p>\n\n\n\n<p>Sin embargo, adem\u00e1s de la c\u00e1rcel y el asesinato, los periodistas son v\u00edctimas de otros delitos como: la tortura, el secuestro, el acoso y las amenazas.<\/p>\n\n\n\n<p>En M\u00e9xico, durante el primer trimestre del a\u00f1o, fueron asesinados 3 periodistas, se cometieron 134 agresiones contra ellos, de acuerdo con el <a href=\"https:\/\/articulo19.org\/informe-semestral-2021\/\">informe de Art\u00edculo 19<\/a>.<\/p>\n\n\n\n<p>La Organizaci\u00f3n de las Naciones Unidas para la Educaci\u00f3n, la Ciencia y la Cultura (UNESCO) se\u00f1ala que las mujeres periodistas se ven expuestas a\u00fan m\u00e1s a estos delitos.<\/p>\n\n\n\n<p>Por esto, la UNESCO visibiliza las cifras y enfatiza que la impunidad puede da\u00f1ar \u201ca la sociedad en su conjunto al encubrir graves abusos de los derechos humanos, corrupci\u00f3n y otros cr\u00edmenes\u201d.*<\/p>\n\n\n\n<h2 class=\"wp-block-heading\">\u00bfC\u00f3mo se protege a los periodistas en M\u00e9xico?<\/h2>\n\n\n\n<p>En nuestro pa\u00eds existe la <a href=\"http:\/\/www.diputados.gob.mx\/LeyesBiblio\/pdf\/LPPDDHP_200521.pdf\">Ley para la Protecci\u00f3n de Personas Defensoras de Derechos Humanos y Periodistas<\/a>, que tiene por objeto garantizar la vida, la libertad, la seguridad y la libertad de expresi\u00f3n de los defensores de derechos humanos y periodistas, as\u00ed como de sus familiares.<\/p>\n\n\n\n<p>Para garantizar el cumplimiento de esta ley, se cre\u00f3 un mecanismo integrado por la Junta de Gobierno, conformada por la Secretar\u00eda de Gobernaci\u00f3n, la Fiscal\u00eda General de la Rep\u00fablica, la Secretar\u00eda de Seguridad P\u00fablica, la Secretar\u00eda de Relaciones Exteriores y la Comisi\u00f3n Nacional de los Derechos Humanos.<\/p>\n\n\n\n<p>La Junta de Gobierno deber\u00e1 tener sesiones cada mes, a las cuales debe invitar a representantes de: la Oficina en M\u00e9xico del Alto Comisionado de las Naciones Unidas para los Derechos Humanos, la Conferencia Nacional de Gobernadores, el Poder Judicial de la Federaci\u00f3n, las comisiones de Derechos Humanos del Senado y de la C\u00e1mara de Diputados.<\/p>\n\n\n\n<p>El art\u00edculo 26 de esta ley establece que cuando el periodista declare que su vida est\u00e1 en peligro, se considerar\u00e1 un caso de riesgo alto y se iniciar\u00e1n las medidas urgentes de protecci\u00f3n.<\/p>\n\n\n\n<h2 class=\"wp-block-heading\">Medidas urgentes de protecci\u00f3n para periodistas<\/h2>\n\n\n\n<ul><li>Evacuaci\u00f3n<\/li><li>Reubicaci\u00f3n temporal<\/li><li>Escoltas<\/li><li>Protecci\u00f3n de inmuebles<\/li><li>Entrega de equipo de comunicaci\u00f3n<\/li><li>Instalaci\u00f3n de c\u00e1maras en casas<\/li><li>Chalecos antibalas<\/li><li>Autos blindados<\/li><li>Cursos de autoprotecci\u00f3n<\/li><\/ul>\n\n\n\n<p>El art\u00edculo 64 establece que todos los informes de este mecanismo son de car\u00e1cter p\u00fablico.<\/p>\n","protected":false},"excerpt":{"rendered":"<p>La Junta de Gobierno deber\u00e1 tener sesiones cada mes, a las cuales debe invitar a representantes de: la Oficina en M\u00e9xico del Alto Comisionado de las Naciones Unidas para los Derechos Humanos, la Conferencia Nacional de Gobernadores, el Poder Judicial de la Federaci\u00f3n, las comisiones de Derechos Humanos del Senado y de la C\u00e1mara de Diputados.<\/p>\n","protected":false},"author":1,"featured_media":452,"comment_status":"closed","ping_status":"closed","sticky":false,"template":"","format":"standard","meta":{"footnotes":""},"categories":[2],"tags":[],"_links":{"self":[{"href":"https:\/\/iesbenitoperezgaldos.edu.mx\/web\/wp-json\/wp\/v2\/posts\/58"}],"collection":[{"href":"https:\/\/iesbenitoperezgaldos.edu.mx\/web\/wp-json\/wp\/v2\/posts"}],"about":[{"href":"https:\/\/iesbenitoperezgaldos.edu.mx\/web\/wp-json\/wp\/v2\/types\/post"}],"author":[{"embeddable":true,"href":"https:\/\/iesbenitoperezgaldos.edu.mx\/web\/wp-json\/wp\/v2\/users\/1"}],"replies":[{"embeddable":true,"href":"https:\/\/iesbenitoperezgaldos.edu.mx\/web\/wp-json\/wp\/v2\/comments?post=58"}],"version-history":[{"count":4,"href":"https:\/\/iesbenitoperezgaldos.edu.mx\/web\/wp-json\/wp\/v2\/posts\/58\/revisions"}],"predecessor-version":[{"id":451,"href":"https:\/\/iesbenitoperezgaldos.edu.mx\/web\/wp-json\/wp\/v2\/posts\/58\/revisions\/451"}],"wp:featuredmedia":[{"embeddable":true,"href":"https:\/\/iesbenitoperezgaldos.edu.mx\/web\/wp-json\/wp\/v2\/media\/452"}],"wp:attachment":[{"href":"https:\/\/iesbenitoperezgaldos.edu.mx\/web\/wp-json\/wp\/v2\/media?parent=58"}],"wp:term":[{"taxonomy":"category","embeddable":true,"href":"https:\/\/iesbenitoperezgaldos.edu.mx\/web\/wp-json\/wp\/v2\/categories?post=58"},{"taxonomy":"post_tag","embeddable":true,"href":"https:\/\/iesbenitoperezgaldos.edu.mx\/web\/wp-json\/wp\/v2\/tags?post=58"}],"curies":[{"name":"wp","href":"https:\/\/api.w.org\/{rel}","templated":true}]}}